{"id":7530,"date":"2021-08-03T15:18:53","date_gmt":"2021-08-03T13:18:53","guid":{"rendered":"https:\/\/variogroup.com\/?p=7530"},"modified":"2024-01-24T15:47:59","modified_gmt":"2024-01-24T14:47:59","slug":"messen-in-europa","status":"publish","type":"post","link":"https:\/\/variogroup.com\/de\/messen-in-europa\/","title":{"rendered":"Variopool pr\u00e4sentiert sich auf Messen in Europa"},"content":{"rendered":"<p>Nach einem Jahr, in dem wir aufgrund der Kuhpandemie nicht an Messen teilnehmen konnten, hat die Variogroup in diesem Jahr vier Messen geplant. Wir hoffen, dass wir w\u00e4hrend dieser Messen zahlreiche Gesch\u00e4ftspartner an unserem Stand begr\u00fc\u00dfen und uns \u00fcber unsere Produkte, Dienstleistungen und Innovationen informieren k\u00f6nnen. Wie bei jeder Messe werden wir bei einer Tasse Kaffee viel zu besprechen haben.<\/p>\n<h2>Ausstellungen mit Innovationen<\/h2>\n<p>Die Messen, auf denen wir als Variogroup dieses Jahr vertreten sein werden:<\/p>\n<ul>\n<li><a href=\"https:\/\/www.aquanale.com\/participation-and-planning\/for-visitors\/buy-tickets\/?utm_source=Laposta&amp;utm_campaign=Beurzen+najaar+2021+%28engels%29&amp;utm_medium=email\" target=\"_blank\" rel=\"noopener\">Aquanale<\/a> in K\u00f6ln vom 29. bis 29. Oktober<\/li>\n<li><a href=\"https:\/\/www.swissbad-regensdorf.ch\/data\/\" target=\"_blank\" rel=\"noopener\">Swissbad<\/a> in Regensdorf am 10. und 11. November<\/li>\n<li><a href=\"http:\/\/www.piscinawellness.com\/nl\/?utm_source=Laposta&amp;utm_campaign=Beurzen+najaar+2021+%28engels%29&amp;utm_medium=email\" target=\"_blank\" rel=\"noopener\">Piscina<\/a> in Barcelona vom 29. November bis 2. Dezember<\/li>\n<li><a href=\"https:\/\/www.zwembadbranche.nl\/dag\/?utm_source=Laposta&amp;utm_campaign=Beurzen+najaar+2021+%28engels%29&amp;utm_medium=email\" target=\"_blank\" rel=\"noopener\">Zwembadbranchedag<\/a> in Barneveld am 30. November<\/li>\n<\/ul>\n<h2>Planen Sie Ihren Messebesuch<\/h2>\n<p>Um Ihre Zeit w\u00e4hrend Ihres Messebesuchs so effektiv wie m\u00f6glich zu nutzen, k\u00f6nnen Sie im Voraus einen Termin mit unseren Kundenbetreuern vereinbaren, damit Sie sicher sein k\u00f6nnen, dass Sie ein Gespr\u00e4ch erhalten und wir \u00fcber Ihren Besuch informiert sind. \u00dcber die Kontaktseite auf dieser Website k\u00f6nnen Sie ganz einfach einen Termin mit uns vereinbaren.<\/p>\n<p>Wir sehen uns in K\u00f6ln, Regensdorf, Barcelona oder Barneveld!<\/p>\n","protected":false},"excerpt":{"rendered":"<p>Nach einem Jahr, in dem wir aufgrund der Kuhpandemie nicht an Messen teilnehmen konnten, hat die Variogroup in diesem Jahr vier Messen geplant. Wir hoffen, dass wir w\u00e4hrend dieser Messen zahlreiche Gesch\u00e4ftspartner an unserem Stand begr\u00fc\u00dfen und uns \u00fcber unsere Produkte, Dienstleistungen und Innovationen informieren k\u00f6nnen. Wie bei jeder Messe werden wir bei einer Tasse [&hellip;]<\/p>\n","protected":false},"author":6,"featured_media":7517,"comment_status":"closed","ping_status":"closed","sticky":false,"template":"","format":"standard","meta":{"_acf_changed":false,"footnotes":""},"categories":[12],"tags":[],"class_list":["post-7530","post","type-post","status-publish","format-standard","has-post-thumbnail","hentry","category-unkategorisiert"],"acf":[],"yoast_head":"<!-- This site is optimized with the Yoast SEO Premium plugin v26.3 (Yoast SEO v26.3) - https:\/\/yoast.com\/wordpress\/plugins\/seo\/ -->\n<title>Variopool pr\u00e4sentiert sich auf Messen in Europa - Variogroup<\/title>\n<meta name=\"description\" content=\"Nach einem Jahr, in dem wir aufgrund der Kuhpandemie nicht an Messen teilnehmen konnten, hat die Variogroup in diesem\" \/>\n<meta name=\"robots\" content=\"index, follow, max-snippet:-1, max-image-preview:large, max-video-preview:-1\" \/>\n<link rel=\"canonical\" href=\"https:\/\/variogroup.com\/de\/messen-in-europa\/\" \/>\n<meta property=\"og:locale\" content=\"de_DE\" \/>\n<meta property=\"og:type\" content=\"article\" \/>\n<meta property=\"og:title\" content=\"Variopool pr\u00e4sentiert sich auf Messen in Europa\" \/>\n<meta property=\"og:description\" content=\"Nach einem Jahr, in dem wir aufgrund der Kuhpandemie nicht an Messen teilnehmen konnten, hat die Variogroup in diesem\" \/>\n<meta property=\"og:url\" content=\"https:\/\/variogroup.com\/de\/messen-in-europa\/\" \/>\n<meta property=\"og:site_name\" content=\"Variogroup\" \/>\n<meta property=\"article:published_time\" content=\"2021-08-03T13:18:53+00:00\" \/>\n<meta property=\"article:modified_time\" content=\"2024-01-24T14:47:59+00:00\" \/>\n<meta property=\"og:image\" content=\"https:\/\/variogroup.com\/wp-content\/uploads\/2021\/08\/beurzen-2021-1.jpg\" \/>\n\t<meta property=\"og:image:width\" content=\"1200\" \/>\n\t<meta property=\"og:image:height\" content=\"400\" \/>\n\t<meta property=\"og:image:type\" content=\"image\/jpeg\" \/>\n<meta name=\"author\" content=\"Donna Commandeur\" \/>\n<meta name=\"twitter:card\" content=\"summary_large_image\" \/>\n<meta name=\"twitter:label1\" content=\"Verfasst von\" \/>\n\t<meta name=\"twitter:data1\" content=\"Donna Commandeur\" \/>\n\t<meta name=\"twitter:label2\" content=\"Gesch\u00e4tzte Lesezeit\" \/>\n\t<meta name=\"twitter:data2\" content=\"2\u00a0Minuten\" \/>\n<script type=\"application\/ld+json\" class=\"yoast-schema-graph\">{\"@context\":\"https:\/\/schema.org\",\"@graph\":[{\"@type\":\"Article\",\"@id\":\"https:\/\/variogroup.com\/de\/messen-in-europa\/#article\",\"isPartOf\":{\"@id\":\"https:\/\/variogroup.com\/de\/messen-in-europa\/\"},\"author\":{\"name\":\"Donna Commandeur\",\"@id\":\"https:\/\/variogroup.com\/#\/schema\/person\/e5565d9008860b6e260d559aa5b966a8\"},\"headline\":\"Variopool pr\u00e4sentiert sich auf Messen in Europa\",\"datePublished\":\"2021-08-03T13:18:53+00:00\",\"dateModified\":\"2024-01-24T14:47:59+00:00\",\"mainEntityOfPage\":{\"@id\":\"https:\/\/variogroup.com\/de\/messen-in-europa\/\"},\"wordCount\":186,\"publisher\":{\"@id\":\"https:\/\/variogroup.com\/#organization\"},\"image\":{\"@id\":\"https:\/\/variogroup.com\/de\/messen-in-europa\/#primaryimage\"},\"thumbnailUrl\":\"https:\/\/variogroup.com\/wp-content\/uploads\/2021\/08\/beurzen-2021-1.jpg\",\"articleSection\":[\"Unkategorisiert\"],\"inLanguage\":\"de\"},{\"@type\":\"WebPage\",\"@id\":\"https:\/\/variogroup.com\/de\/messen-in-europa\/\",\"url\":\"https:\/\/variogroup.com\/de\/messen-in-europa\/\",\"name\":\"Variopool pr\u00e4sentiert sich auf Messen in Europa - Variogroup\",\"isPartOf\":{\"@id\":\"https:\/\/variogroup.com\/#website\"},\"primaryImageOfPage\":{\"@id\":\"https:\/\/variogroup.com\/de\/messen-in-europa\/#primaryimage\"},\"image\":{\"@id\":\"https:\/\/variogroup.com\/de\/messen-in-europa\/#primaryimage\"},\"thumbnailUrl\":\"https:\/\/variogroup.com\/wp-content\/uploads\/2021\/08\/beurzen-2021-1.jpg\",\"datePublished\":\"2021-08-03T13:18:53+00:00\",\"dateModified\":\"2024-01-24T14:47:59+00:00\",\"description\":\"Nach einem Jahr, in dem wir aufgrund der Kuhpandemie nicht an Messen teilnehmen konnten, hat die Variogroup in diesem\",\"breadcrumb\":{\"@id\":\"https:\/\/variogroup.com\/de\/messen-in-europa\/#breadcrumb\"},\"inLanguage\":\"de\",\"potentialAction\":[{\"@type\":\"ReadAction\",\"target\":[\"https:\/\/variogroup.com\/de\/messen-in-europa\/\"]}]},{\"@type\":\"ImageObject\",\"inLanguage\":\"de\",\"@id\":\"https:\/\/variogroup.com\/de\/messen-in-europa\/#primaryimage\",\"url\":\"https:\/\/variogroup.com\/wp-content\/uploads\/2021\/08\/beurzen-2021-1.jpg\",\"contentUrl\":\"https:\/\/variogroup.com\/wp-content\/uploads\/2021\/08\/beurzen-2021-1.jpg\",\"width\":1200,\"height\":400,\"caption\":\"beurzen\"},{\"@type\":\"BreadcrumbList\",\"@id\":\"https:\/\/variogroup.com\/de\/messen-in-europa\/#breadcrumb\",\"itemListElement\":[{\"@type\":\"ListItem\",\"position\":1,\"name\":\"Home\",\"item\":\"https:\/\/variogroup.com\/de\/\"},{\"@type\":\"ListItem\",\"position\":2,\"name\":\"Variopool pr\u00e4sentiert sich auf Messen in Europa\"}]},{\"@type\":\"WebSite\",\"@id\":\"https:\/\/variogroup.com\/#website\",\"url\":\"https:\/\/variogroup.com\/\",\"name\":\"Variogroup\",\"description\":\"VarioGroup is een overkoepelend Internationaal bedrijf welke actief is in de zwembadbranche\",\"publisher\":{\"@id\":\"https:\/\/variogroup.com\/#organization\"},\"potentialAction\":[{\"@type\":\"SearchAction\",\"target\":{\"@type\":\"EntryPoint\",\"urlTemplate\":\"https:\/\/variogroup.com\/?s={search_term_string}\"},\"query-input\":{\"@type\":\"PropertyValueSpecification\",\"valueRequired\":true,\"valueName\":\"search_term_string\"}}],\"inLanguage\":\"de\"},{\"@type\":\"Organization\",\"@id\":\"https:\/\/variogroup.com\/#organization\",\"name\":\"Variogroup - Movable floors and more\",\"url\":\"https:\/\/variogroup.com\/\",\"logo\":{\"@type\":\"ImageObject\",\"inLanguage\":\"de\",\"@id\":\"https:\/\/variogroup.com\/#\/schema\/logo\/image\/\",\"url\":\"https:\/\/variogroup.com\/wp-content\/uploads\/2020\/10\/all-logos.jpg\",\"contentUrl\":\"https:\/\/variogroup.com\/wp-content\/uploads\/2020\/10\/all-logos.jpg\",\"width\":1000,\"height\":217,\"caption\":\"Variogroup - Movable floors and more\"},\"image\":{\"@id\":\"https:\/\/variogroup.com\/#\/schema\/logo\/image\/\"},\"sameAs\":[\"https:\/\/www.linkedin.com\/company\/variopool-b-v\/\",\"https:\/\/www.youtube.com\/user\/VariopoolBV\"]},{\"@type\":\"Person\",\"@id\":\"https:\/\/variogroup.com\/#\/schema\/person\/e5565d9008860b6e260d559aa5b966a8\",\"name\":\"Donna Commandeur\"}]}<\/script>\n<!-- \/ Yoast SEO Premium plugin. -->","yoast_head_json":{"title":"Variopool pr\u00e4sentiert sich auf Messen in Europa - Variogroup","description":"Nach einem Jahr, in dem wir aufgrund der Kuhpandemie nicht an Messen teilnehmen konnten, hat die Variogroup in diesem","robots":{"index":"index","follow":"follow","max-snippet":"max-snippet:-1","max-image-preview":"max-image-preview:large","max-video-preview":"max-video-preview:-1"},"canonical":"https:\/\/variogroup.com\/de\/messen-in-europa\/","og_locale":"de_DE","og_type":"article","og_title":"Variopool pr\u00e4sentiert sich auf Messen in Europa","og_description":"Nach einem Jahr, in dem wir aufgrund der Kuhpandemie nicht an Messen teilnehmen konnten, hat die Variogroup in diesem","og_url":"https:\/\/variogroup.com\/de\/messen-in-europa\/","og_site_name":"Variogroup","article_published_time":"2021-08-03T13:18:53+00:00","article_modified_time":"2024-01-24T14:47:59+00:00","og_image":[{"width":1200,"height":400,"url":"https:\/\/variogroup.com\/wp-content\/uploads\/2021\/08\/beurzen-2021-1.jpg","type":"image\/jpeg"}],"author":"Donna Commandeur","twitter_card":"summary_large_image","twitter_misc":{"Verfasst von":"Donna Commandeur","Gesch\u00e4tzte Lesezeit":"2\u00a0Minuten"},"schema":{"@context":"https:\/\/schema.org","@graph":[{"@type":"Article","@id":"https:\/\/variogroup.com\/de\/messen-in-europa\/#article","isPartOf":{"@id":"https:\/\/variogroup.com\/de\/messen-in-europa\/"},"author":{"name":"Donna Commandeur","@id":"https:\/\/variogroup.com\/#\/schema\/person\/e5565d9008860b6e260d559aa5b966a8"},"headline":"Variopool pr\u00e4sentiert sich auf Messen in Europa","datePublished":"2021-08-03T13:18:53+00:00","dateModified":"2024-01-24T14:47:59+00:00","mainEntityOfPage":{"@id":"https:\/\/variogroup.com\/de\/messen-in-europa\/"},"wordCount":186,"publisher":{"@id":"https:\/\/variogroup.com\/#organization"},"image":{"@id":"https:\/\/variogroup.com\/de\/messen-in-europa\/#primaryimage"},"thumbnailUrl":"https:\/\/variogroup.com\/wp-content\/uploads\/2021\/08\/beurzen-2021-1.jpg","articleSection":["Unkategorisiert"],"inLanguage":"de"},{"@type":"WebPage","@id":"https:\/\/variogroup.com\/de\/messen-in-europa\/","url":"https:\/\/variogroup.com\/de\/messen-in-europa\/","name":"Variopool pr\u00e4sentiert sich auf Messen in Europa - Variogroup","isPartOf":{"@id":"https:\/\/variogroup.com\/#website"},"primaryImageOfPage":{"@id":"https:\/\/variogroup.com\/de\/messen-in-europa\/#primaryimage"},"image":{"@id":"https:\/\/variogroup.com\/de\/messen-in-europa\/#primaryimage"},"thumbnailUrl":"https:\/\/variogroup.com\/wp-content\/uploads\/2021\/08\/beurzen-2021-1.jpg","datePublished":"2021-08-03T13:18:53+00:00","dateModified":"2024-01-24T14:47:59+00:00","description":"Nach einem Jahr, in dem wir aufgrund der Kuhpandemie nicht an Messen teilnehmen konnten, hat die Variogroup in diesem","breadcrumb":{"@id":"https:\/\/variogroup.com\/de\/messen-in-europa\/#breadcrumb"},"inLanguage":"de","potentialAction":[{"@type":"ReadAction","target":["https:\/\/variogroup.com\/de\/messen-in-europa\/"]}]},{"@type":"ImageObject","inLanguage":"de","@id":"https:\/\/variogroup.com\/de\/messen-in-europa\/#primaryimage","url":"https:\/\/variogroup.com\/wp-content\/uploads\/2021\/08\/beurzen-2021-1.jpg","contentUrl":"https:\/\/variogroup.com\/wp-content\/uploads\/2021\/08\/beurzen-2021-1.jpg","width":1200,"height":400,"caption":"beurzen"},{"@type":"BreadcrumbList","@id":"https:\/\/variogroup.com\/de\/messen-in-europa\/#breadcrumb","itemListElement":[{"@type":"ListItem","position":1,"name":"Home","item":"https:\/\/variogroup.com\/de\/"},{"@type":"ListItem","position":2,"name":"Variopool pr\u00e4sentiert sich auf Messen in Europa"}]},{"@type":"WebSite","@id":"https:\/\/variogroup.com\/#website","url":"https:\/\/variogroup.com\/","name":"Variogroup","description":"VarioGroup is een overkoepelend Internationaal bedrijf welke actief is in de zwembadbranche","publisher":{"@id":"https:\/\/variogroup.com\/#organization"},"potentialAction":[{"@type":"SearchAction","target":{"@type":"EntryPoint","urlTemplate":"https:\/\/variogroup.com\/?s={search_term_string}"},"query-input":{"@type":"PropertyValueSpecification","valueRequired":true,"valueName":"search_term_string"}}],"inLanguage":"de"},{"@type":"Organization","@id":"https:\/\/variogroup.com\/#organization","name":"Variogroup - Movable floors and more","url":"https:\/\/variogroup.com\/","logo":{"@type":"ImageObject","inLanguage":"de","@id":"https:\/\/variogroup.com\/#\/schema\/logo\/image\/","url":"https:\/\/variogroup.com\/wp-content\/uploads\/2020\/10\/all-logos.jpg","contentUrl":"https:\/\/variogroup.com\/wp-content\/uploads\/2020\/10\/all-logos.jpg","width":1000,"height":217,"caption":"Variogroup - Movable floors and more"},"image":{"@id":"https:\/\/variogroup.com\/#\/schema\/logo\/image\/"},"sameAs":["https:\/\/www.linkedin.com\/company\/variopool-b-v\/","https:\/\/www.youtube.com\/user\/VariopoolBV"]},{"@type":"Person","@id":"https:\/\/variogroup.com\/#\/schema\/person\/e5565d9008860b6e260d559aa5b966a8","name":"Donna Commandeur"}]}},"_links":{"self":[{"href":"https:\/\/variogroup.com\/de\/wp-json\/wp\/v2\/posts\/7530","targetHints":{"allow":["GET"]}}],"collection":[{"href":"https:\/\/variogroup.com\/de\/wp-json\/wp\/v2\/posts"}],"about":[{"href":"https:\/\/variogroup.com\/de\/wp-json\/wp\/v2\/types\/post"}],"author":[{"embeddable":true,"href":"https:\/\/variogroup.com\/de\/wp-json\/wp\/v2\/users\/6"}],"replies":[{"embeddable":true,"href":"https:\/\/variogroup.com\/de\/wp-json\/wp\/v2\/comments?post=7530"}],"version-history":[{"count":3,"href":"https:\/\/variogroup.com\/de\/wp-json\/wp\/v2\/posts\/7530\/revisions"}],"predecessor-version":[{"id":7533,"href":"https:\/\/variogroup.com\/de\/wp-json\/wp\/v2\/posts\/7530\/revisions\/7533"}],"wp:featuredmedia":[{"embeddable":true,"href":"https:\/\/variogroup.com\/de\/wp-json\/wp\/v2\/media\/7517"}],"wp:attachment":[{"href":"https:\/\/variogroup.com\/de\/wp-json\/wp\/v2\/media?parent=7530"}],"wp:term":[{"taxonomy":"category","embeddable":true,"href":"https:\/\/variogroup.com\/de\/wp-json\/wp\/v2\/categories?post=7530"},{"taxonomy":"post_tag","embeddable":true,"href":"https:\/\/variogroup.com\/de\/wp-json\/wp\/v2\/tags?post=7530"}],"curies":[{"name":"wp","href":"https:\/\/api.w.org\/{rel}","templated":true}]}}